{"id":2749,"date":"2026-03-11T13:41:00","date_gmt":"2026-03-11T13:41:00","guid":{"rendered":"https:\/\/leaebeling.de\/?p=2749"},"modified":"2026-03-11T13:48:04","modified_gmt":"2026-03-11T13:48:04","slug":"buchpremiere-und-vernissage","status":"publish","type":"post","link":"https:\/\/leaebeling.de\/en\/buchpremiere-und-vernissage\/","title":{"rendered":"Buchpremiere und Vernissage"},"content":{"rendered":"<div class=\"wp-block-group alignfull has-base-2-background-color has-background is-vertical is-content-justification-stretch is-nowrap is-layout-flex wp-container-core-group-is-layout-95e030c5 wp-block-group-is-layout-flex\" style=\"border-style:none;border-width:0px;margin-top:0;margin-bottom:0;padding-top:var(--wp--preset--spacing--30);padding-right:var(--wp--preset--spacing--30);padding-bottom:var(--wp--preset--spacing--30);padding-left:var(--wp--preset--spacing--30)\">\n<div class=\"wp-block-columns alignwide is-layout-flex wp-container-core-columns-is-layout-08c01c1c wp-block-columns-is-layout-flex\">\n<div class=\"wp-block-column is-vertically-aligned-center is-layout-flow wp-container-core-column-is-layout-fd134cff wp-block-column-is-layout-flow\" style=\"padding-right:0;padding-left:0;flex-basis:30%\">\n<div class=\"wp-block-group is-vertical is-layout-flex wp-container-core-group-is-layout-b565946d wp-block-group-is-layout-flex\" style=\"margin-top:0;margin-bottom:0\"><div class=\"taxonomy-category wp-block-post-terms\"><a href=\"https:\/\/leaebeling.de\/en\/category\/comic\/\" rel=\"tag\">Comic<\/a><span class=\"wp-block-post-terms__separator\">, <\/span><a href=\"https:\/\/leaebeling.de\/en\/category\/wissenschaftskommunikation\/\" rel=\"tag\">Science Communication<\/a><\/div>\n\n<h2 class=\"wp-block-post-title\">Buchpremiere und Vernissage<\/h2>\n\n\n<h2 class=\"wp-block-heading has-medium-font-size\"><br>Lesung mit der Autorin und Er\u00f6ffnung der Comciausstellung<\/h2>\n\n\n\n<h3 class=\"wp-block-heading has-base-2-color has-text-color has-background has-link-color has-medium-font-size wp-elements-6a7704e51eb7afd70054c39b8cffd1e3\" style=\"background-color:#c7758b\"><a href=\"https:\/\/museumdeskapitalismus.de\/hoffen-wenn-die-welt-schmerzt\/\">26 M\u00e4rz 2026, 17-22 Uhr<\/a><\/h3>\n\n\n\n<p class=\"has-montserrat-font-family has-medium-font-size\">Museum des Kapitalismus<\/p>\n\n\n\n<p class=\"has-montserrat-font-family has-medium-font-size\">K\u00f6penicker Str. 172, 10997 Berlin<\/p>\n<\/div>\n<\/div>\n\n\n\n<div class=\"wp-block-column is-vertically-aligned-top is-layout-flow wp-container-core-column-is-layout-c43c6636 wp-block-column-is-layout-flow\" style=\"padding-right:0;padding-left:0;flex-basis:70%\">\n<figure class=\"wp-block-image alignright size-full is-style-rounded wp-duotone-unset-2 is-style-rounded--1\"><img loading=\"lazy\" decoding=\"async\" width=\"2048\" height=\"2560\" src=\"https:\/\/leaebeling.de\/wp-content\/uploads\/2026\/03\/Hoffen_share-pics-04-2.jpg\" alt=\"\" class=\"wp-image-2751\" style=\"object-fit:cover\" srcset=\"https:\/\/leaebeling.de\/wp-content\/uploads\/2026\/03\/Hoffen_share-pics-04-2.jpg 2048w, https:\/\/leaebeling.de\/wp-content\/uploads\/2026\/03\/Hoffen_share-pics-04-2-240x300.jpg 240w, https:\/\/leaebeling.de\/wp-content\/uploads\/2026\/03\/Hoffen_share-pics-04-2-819x1024.jpg 819w, https:\/\/leaebeling.de\/wp-content\/uploads\/2026\/03\/Hoffen_share-pics-04-2-1024x1280.jpg 1024w, https:\/\/leaebeling.de\/wp-content\/uploads\/2026\/03\/Hoffen_share-pics-04-2-768x960.jpg 768w, https:\/\/leaebeling.de\/wp-content\/uploads\/2026\/03\/Hoffen_share-pics-04-2-1229x1536.jpg 1229w, https:\/\/leaebeling.de\/wp-content\/uploads\/2026\/03\/Hoffen_share-pics-04-2-1638x2048.jpg 1638w, https:\/\/leaebeling.de\/wp-content\/uploads\/2026\/03\/Hoffen_share-pics-04-2-10x12.jpg 10w, https:\/\/leaebeling.de\/wp-content\/uploads\/2026\/03\/Hoffen_share-pics-04-2-500x625.jpg 500w, https:\/\/leaebeling.de\/wp-content\/uploads\/2026\/03\/Hoffen_share-pics-04-2-800x1000.jpg 800w, https:\/\/leaebeling.de\/wp-content\/uploads\/2026\/03\/Hoffen_share-pics-04-2-1280x1600.jpg 1280w, https:\/\/leaebeling.de\/wp-content\/uploads\/2026\/03\/Hoffen_share-pics-04-2-1920x2400.jpg 1920w\" sizes=\"auto, (max-width: 2048px) 100vw, 2048px\" \/><\/figure>\n<\/div>\n<\/div>\n\n\n\n<p>&#8218;Hoffen, wenn die Welt schmerzt&#8216; ist ein bildstarker Einstieg \u00fcber die Hoffnung als Widerstandspraxis in einer Zeit voller Krisen. In verst\u00e4ndlicher Sprache erforscht die Erz\u00e4hlfigur der Graphic Novel die Zusammenh\u00e4nge zwischen Vorstellungskraft, Ideologie und sozialem Wandel. Gemeinsam mit ihren Interviewpartner*innen beleuchtet sie komplexe Themen von Kapitalismuskritik und Neokolonialismus bis hin zu Herausforderungen aktueller Bewegungen und widersetzt sich dabei dem Zeitgeist, der sich irgendwo zwischen Realismus und Weltschmerz verfangen hat. Eine Erz\u00e4hlung die Hoffnung schafft, das bessere Zuk\u00fcnfte m\u00f6glich sind.&nbsp;<\/p>\n\n\n\n<p>Die Ausstellung zur Graphic Novel greift die Themen des Buches als partizipativen Reflexionsprozess auf.&nbsp;Ausgestellt werden ausgew\u00e4hlte Seiten des Comics, Zeichnungen aus der Forschung, sowie Elemente der Erz\u00e4hlung aus Pappe und Papier.&nbsp;Eine Einladung, sich mit den eigenen Zweifeln und \u00dcberzeugungen zu besch\u00e4ftigen und dabei einen Schritt in die Zukunft zu wagen.<\/p>\n\n\n\n<figure class=\"wp-block-image size-large\"><img loading=\"lazy\" decoding=\"async\" width=\"819\" height=\"1024\" src=\"https:\/\/leaebeling.de\/wp-content\/uploads\/2026\/03\/Hoffen_share-pics-02-1-819x1024.jpg\" alt=\"\" class=\"wp-image-2764\" srcset=\"https:\/\/leaebeling.de\/wp-content\/uploads\/2026\/03\/Hoffen_share-pics-02-1-819x1024.jpg 819w, https:\/\/leaebeling.de\/wp-content\/uploads\/2026\/03\/Hoffen_share-pics-02-1-240x300.jpg 240w, https:\/\/leaebeling.de\/wp-content\/uploads\/2026\/03\/Hoffen_share-pics-02-1-1024x1280.jpg 1024w, https:\/\/leaebeling.de\/wp-content\/uploads\/2026\/03\/Hoffen_share-pics-02-1-768x960.jpg 768w, https:\/\/leaebeling.de\/wp-content\/uploads\/2026\/03\/Hoffen_share-pics-02-1-1229x1536.jpg 1229w, https:\/\/leaebeling.de\/wp-content\/uploads\/2026\/03\/Hoffen_share-pics-02-1-1638x2048.jpg 1638w, https:\/\/leaebeling.de\/wp-content\/uploads\/2026\/03\/Hoffen_share-pics-02-1-10x12.jpg 10w, https:\/\/leaebeling.de\/wp-content\/uploads\/2026\/03\/Hoffen_share-pics-02-1-500x625.jpg 500w, https:\/\/leaebeling.de\/wp-content\/uploads\/2026\/03\/Hoffen_share-pics-02-1-800x1000.jpg 800w, https:\/\/leaebeling.de\/wp-content\/uploads\/2026\/03\/Hoffen_share-pics-02-1-1280x1600.jpg 1280w, https:\/\/leaebeling.de\/wp-content\/uploads\/2026\/03\/Hoffen_share-pics-02-1-1920x2400.jpg 1920w, https:\/\/leaebeling.de\/wp-content\/uploads\/2026\/03\/Hoffen_share-pics-02-1.jpg 2048w\" sizes=\"auto, (max-width: 819px) 100vw, 819px\" \/><\/figure>\n\n\n\n<div class=\"wp-block-columns is-layout-flex wp-container-core-columns-is-layout-28f84493 wp-block-columns-is-layout-flex\">\n<div class=\"wp-block-column is-layout-flow wp-block-column-is-layout-flow\">\n<h6 class=\"wp-block-heading has-text-align-right has-contrast-2-color has-text-color has-link-color wp-elements-4dfaa4ab7e0ed00a93584ce5f6fd3fc0\">Veranstaltung<\/h6>\n\n\n\n<h6 class=\"wp-block-heading has-text-align-right has-contrast-2-color has-text-color has-link-color wp-elements-c246eee2c0d76d56447eadb48e7ccadb\">March 26, 2026, 5-10 pm<\/h6>\n\n\n\n<h6 class=\"wp-block-heading has-text-align-right has-contrast-2-color has-text-color has-link-color wp-elements-e94b1a7fc659d56367a174740ac7b7d9\">Museum des Kapitalismus<\/h6>\n\n\n\n<h6 class=\"wp-block-heading has-text-align-right has-contrast-2-color has-text-color has-link-color wp-elements-d459737ab4e9b02f1327b79bdc39b2fd\"><\/h6>\n<\/div>\n<\/div>\n<\/div>","protected":false},"excerpt":{"rendered":"<p>Lesung mit der Autorin und Er\u00f6ffnung der Comciausstellung 26 M\u00e4rz 2026, 17-22 Uhr Museum des Kapitalismus K\u00f6penicker Str. 172, 10997 Berlin &#8218;Hoffen, wenn die Welt schmerzt&#8216; ist ein bildstarker Einstieg \u00fcber die Hoffnung als Widerstandspraxis in einer Zeit voller Krisen. In verst\u00e4ndlicher Sprache erforscht die Erz\u00e4hlfigur der Graphic Novel die Zusammenh\u00e4nge zwischen Vorstellungskraft, Ideologie und [&hellip;]<\/p>\n","protected":false},"author":1,"featured_media":2751,"comment_status":"closed","ping_status":"","sticky":false,"template":"","format":"standard","meta":{"_vp_format_video_url":"","_vp_image_focal_point":[],"footnotes":""},"categories":[5,8],"tags":[],"class_list":["post-2749","post","type-post","status-publish","format-standard","has-post-thumbnail","hentry","category-comic","category-wissenschaftskommunikation"],"_links":{"self":[{"href":"https:\/\/leaebeling.de\/en\/wp-json\/wp\/v2\/posts\/2749","targetHints":{"allow":["GET"]}}],"collection":[{"href":"https:\/\/leaebeling.de\/en\/wp-json\/wp\/v2\/posts"}],"about":[{"href":"https:\/\/leaebeling.de\/en\/wp-json\/wp\/v2\/types\/post"}],"author":[{"embeddable":true,"href":"https:\/\/leaebeling.de\/en\/wp-json\/wp\/v2\/users\/1"}],"replies":[{"embeddable":true,"href":"https:\/\/leaebeling.de\/en\/wp-json\/wp\/v2\/comments?post=2749"}],"version-history":[{"count":25,"href":"https:\/\/leaebeling.de\/en\/wp-json\/wp\/v2\/posts\/2749\/revisions"}],"predecessor-version":[{"id":2778,"href":"https:\/\/leaebeling.de\/en\/wp-json\/wp\/v2\/posts\/2749\/revisions\/2778"}],"wp:featuredmedia":[{"embeddable":true,"href":"https:\/\/leaebeling.de\/en\/wp-json\/wp\/v2\/media\/2751"}],"wp:attachment":[{"href":"https:\/\/leaebeling.de\/en\/wp-json\/wp\/v2\/media?parent=2749"}],"wp:term":[{"taxonomy":"category","embeddable":true,"href":"https:\/\/leaebeling.de\/en\/wp-json\/wp\/v2\/categories?post=2749"},{"taxonomy":"post_tag","embeddable":true,"href":"https:\/\/leaebeling.de\/en\/wp-json\/wp\/v2\/tags?post=2749"}],"curies":[{"name":"wp","href":"https:\/\/api.w.org\/{rel}","templated":true}]}}